{"id":8175,"date":"2025-08-06T09:36:32","date_gmt":"2025-08-06T07:36:32","guid":{"rendered":"https:\/\/www.terraqui.com\/actualidad\/\/"},"modified":"2025-08-06T09:38:22","modified_gmt":"2025-08-06T07:38:22","slug":"el-ministerio-publica-una-nueva-nota-interpetativa-sobre-el-marcado-de-los-envases","status":"publish","type":"post","link":"https:\/\/www.terraqui.com\/ca\/actualidad\/el-ministerio-publica-una-nueva-nota-interpetativa-sobre-el-marcado-de-los-envases\/","title":{"rendered":"El Ministerio publica una nueva nota interpetativa sobre el marcado de los envases"},"content":{"rendered":"\n<p>El Ministerio para la Transici\u00f3n Ecol\u00f3gica y del Reto Demogr\u00e1fico ha publicado una nueva nota interpretativa que aclara ciertos aspectos relativos a los requisitos de marcado de envases establecidos por el Real Decreto 1055\/2022. Aunque ya exist\u00eda una nota interpretativa previa, esta nueva publicaci\u00f3n responde a varias dudas planteadas en relaci\u00f3n con la aplicaci\u00f3n pr\u00e1ctica de la normativa. En concreto, se abordan las siguientes cuestiones:<\/p>\n\n\n\n<ul class=\"wp-block-list\">\n<li><strong>Aplicabilidad a productos con c\u00f3digo QR previo a la entrada en vigor del RD 1055\/2022<\/strong>: se aclara que se permite el etiquetado mediante c\u00f3digo QR en aquellos envases que ya lo incorporasen antes del 1 de enero de 2025 (y no desde diciembre de 2022, como se interpretaba inicialmente).<\/li>\n\n\n\n<li><strong>Referencia a \u201cdiversos mercados\u201d<\/strong>: se confirma que puede emplearse el c\u00f3digo QR cuando los productos est\u00e9n destinados a, o procedan de, mercados distintos al espa\u00f1ol.<\/li>\n\n\n\n<li><strong>Ausencia de elementos de marcado contradictorios<\/strong>: se especifica que, para que un envase pueda acogerse a la alternativa del etiquetado mediante c\u00f3digo QR, no debe incluir ning\u00fan s\u00edmbolo, color, texto o elemento gr\u00e1fico que pueda inducir a error al consumidor respecto al contenedor o fracci\u00f3n correspondiente en Espa\u00f1a.<\/li>\n\n\n\n<li><strong>Planes sectoriales sobre el uso del c\u00f3digo QR<\/strong>: el Ministerio reconoce los esfuerzos de sectores como el vitivin\u00edcola o el de bebidas espirituosas en la elaboraci\u00f3n de planes espec\u00edficos sobre el uso del QR. Asimismo, anima a otros sectores a desarrollar planes sectoriales armonizados y a comunicarlos a la Subdirecci\u00f3n General de Residuos.<\/li>\n\n\n\n<li><strong>Criterios para justificar la imposibilidad de incluir f\u00edsicamente la informaci\u00f3n y definici\u00f3n de \u201cenvase de peque\u00f1o tama\u00f1o\u201d<\/strong>: se determinan los supuestos en los que se admite el uso de alternativas digitales, tales como:\n<ul class=\"wp-block-list\">\n<li><em>Limitaciones t\u00e9cnicas del material<\/em>: envases fabricados con materiales que no permiten la impresi\u00f3n directa (vidrio serigrafiado, metal troquelado, etc.).<\/li>\n\n\n\n<li><em>Riesgo de deterioro funcional<\/em>: casos en los que el marcado compromete la integridad del envase (por ejemplo, envases flexibles o termosellados).<\/li>\n\n\n\n<li><em>Tama\u00f1o del envase<\/em>: cuando el ancho del envase es igual o inferior a 10 cm, o cuando su mayor superficie es inferior a 10 cm\u00b2. En envases con superficies curvas, se aplican los mismos umbrales.<\/li>\n\n\n\n<li><em>Tama\u00f1o de la etiqueta<\/em>: las etiquetas con texto deben tener una anchura m\u00ednima de 17 mm; en el caso de etiquetas con s\u00edmbolos \u00fanicamente, la anchura m\u00ednima es de 10 mm.<\/li>\n<\/ul>\n<\/li>\n<\/ul>\n\n\n\n<p>Se puede acceder a la nota del Ministerio en el siguiente enlace:  <a href=\"https:\/\/www.miteco.gob.es\/content\/dam\/miteco\/es\/calidad-y-evaluacion-ambiental\/sgresiduos\/envases\/250805_Nota%20aclaratoria%20etiquetado.pdf \">https:\/\/www.miteco.gob.es\/content\/dam\/miteco\/es\/calidad-y-evaluacion-ambiental\/sgresiduos\/envases\/250805_Nota%20aclaratoria%20etiquetado.pdf <\/a><\/p>\n","protected":false},"excerpt":{"rendered":"<p>El Ministerio para la Transici\u00f3n Ecol\u00f3gica y del Reto Demogr\u00e1fico ha publicado una nueva nota interpretativa que aclara ciertos aspectos relativos a los requisitos de marcado de envases establecidos por el Real Decreto 1055\/2022. Aunque ya exist\u00eda una nota interpretativa previa, esta nueva publicaci\u00f3n responde a varias dudas planteadas en relaci\u00f3n con la aplicaci\u00f3n pr\u00e1ctica [&hellip;]<\/p>\n","protected":false},"author":1,"featured_media":8176,"comment_status":"closed","ping_status":"closed","sticky":false,"template":"","format":"standard","meta":{"footnotes":""},"categories":[1],"tags":[],"categoria_terraqui":[337],"tipo_de_entrada":[362,342],"class_list":["post-8175","post","type-post","status-publish","format-standard","has-post-thumbnail","hentry","category-sin-categorizar","categoria_terraqui-economia-circular","tipo_de_entrada-destacado","tipo_de_entrada-noticias"],"_links":{"self":[{"href":"https:\/\/www.terraqui.com\/ca\/wp-json\/wp\/v2\/posts\/8175","targetHints":{"allow":["GET"]}}],"collection":[{"href":"https:\/\/www.terraqui.com\/ca\/wp-json\/wp\/v2\/posts"}],"about":[{"href":"https:\/\/www.terraqui.com\/ca\/wp-json\/wp\/v2\/types\/post"}],"author":[{"embeddable":true,"href":"https:\/\/www.terraqui.com\/ca\/wp-json\/wp\/v2\/users\/1"}],"replies":[{"embeddable":true,"href":"https:\/\/www.terraqui.com\/ca\/wp-json\/wp\/v2\/comments?post=8175"}],"version-history":[{"count":3,"href":"https:\/\/www.terraqui.com\/ca\/wp-json\/wp\/v2\/posts\/8175\/revisions"}],"predecessor-version":[{"id":8181,"href":"https:\/\/www.terraqui.com\/ca\/wp-json\/wp\/v2\/posts\/8175\/revisions\/8181"}],"wp:featuredmedia":[{"embeddable":true,"href":"https:\/\/www.terraqui.com\/ca\/wp-json\/wp\/v2\/media\/8176"}],"wp:attachment":[{"href":"https:\/\/www.terraqui.com\/ca\/wp-json\/wp\/v2\/media?parent=8175"}],"wp:term":[{"taxonomy":"category","embeddable":true,"href":"https:\/\/www.terraqui.com\/ca\/wp-json\/wp\/v2\/categories?post=8175"},{"taxonomy":"post_tag","embeddable":true,"href":"https:\/\/www.terraqui.com\/ca\/wp-json\/wp\/v2\/tags?post=8175"},{"taxonomy":"categoria_terraqui","embeddable":true,"href":"https:\/\/www.terraqui.com\/ca\/wp-json\/wp\/v2\/categoria_terraqui?post=8175"},{"taxonomy":"tipo_de_entrada","embeddable":true,"href":"https:\/\/www.terraqui.com\/ca\/wp-json\/wp\/v2\/tipo_de_entrada?post=8175"}],"curies":[{"name":"wp","href":"https:\/\/api.w.org\/{rel}","templated":true}]}}