{"id":1560,"date":"2020-12-16T09:31:32","date_gmt":"2020-12-16T08:31:32","guid":{"rendered":"https:\/\/www.terraqui.com\/blog\/?p=1560"},"modified":"2025-02-07T20:14:46","modified_gmt":"2025-02-07T19:14:46","slug":"entrevista-en-video-con-christian-morron-lingl-en-la-revista-reciclaje-y-gestion-de-residuos","status":"publish","type":"post","link":"https:\/\/www.terraqui.com\/ca\/actualidad\/entrevista-en-video-con-christian-morron-lingl-en-la-revista-reciclaje-y-gestion-de-residuos\/","title":{"rendered":"Entrevista en v\u00eddeo con Christian Morron Lingl en la revista \u201cEnviropres\u201d"},"content":{"rendered":"<p><img decoding=\"async\" class=\"alignnone\" src=\"https:\/\/terraqui.com\/wp\/wp-content\/uploads\/Foto-entrevista-Interempresas.jpg\" \/><\/p>\n<p>&nbsp;<\/p>\n<p>La semana pasada, Christian Morron Lingl, abogado fundador de Terraqui, hizo una entrevista para la revista \u201cReciclaje y gesti\u00f3n de residuos\u201d del grupo Interempresas. En ella respondi\u00f3 a las 3 preguntas siguientes, relativas al derecho ambiental y al ejercicio profesional que llevamos a cabo desde el despacho Terraqui:<\/p>\n<ol>\n<li><span style=\"font-size: 12.0pt; font-family: 'Helvetica',sans-serif; color: #444444; background: white;\">Con la dilatada experiencia de Terraqui en derecho ambiental, \u00bfc\u00f3mo describir\u00eda la evoluci\u00f3n del papel del abogado en el \u00e1mbito ambiental en la \u00faltima d\u00e9cada?<\/span><\/li>\n<li>De todos los sectores y materias ambientales en los que ustedes ofrecen asistencia t\u00e9cnica, \u00bfCu\u00e1l es la m\u00e1s demandada por las empresas y administraciones?<\/li>\n<li>\u00bfCree que existe una conciencia social en materia de derecho ambiental o todav\u00eda queda camino por recorrer?<\/li>\n<\/ol>\n<p>En este <a href=\"https:\/\/bit.ly\/3gLaa4E\" target=\"_blank\" rel=\"noopener noreferrer\">enlace a la entrevista<\/a> de la revista, en su versi\u00f3n digital, podr\u00e9is encontrar las respuestas.<\/p>\n","protected":false},"excerpt":{"rendered":"<p>&nbsp; La semana pasada, Christian Morron Lingl, abogado fundador de Terraqui, hizo una entrevista para la revista \u201cReciclaje y gesti\u00f3n de residuos\u201d del grupo Interempresas. En ella respondi\u00f3 a las 3 preguntas siguientes, relativas al derecho ambiental y al ejercicio profesional que llevamos a cabo desde el despacho Terraqui: Con la dilatada experiencia de Terraqui [&hellip;]<\/p>\n","protected":false},"author":6,"featured_media":0,"comment_status":"open","ping_status":"open","sticky":false,"template":"","format":"standard","meta":{"footnotes":""},"categories":[1],"tags":[],"categoria_terraqui":[347],"tipo_de_entrada":[343],"class_list":["post-1560","post","type-post","status-publish","format-standard","hentry","category-sin-categorizar","categoria_terraqui-terraqui","tipo_de_entrada-articulos"],"_links":{"self":[{"href":"https:\/\/www.terraqui.com\/ca\/wp-json\/wp\/v2\/posts\/1560","targetHints":{"allow":["GET"]}}],"collection":[{"href":"https:\/\/www.terraqui.com\/ca\/wp-json\/wp\/v2\/posts"}],"about":[{"href":"https:\/\/www.terraqui.com\/ca\/wp-json\/wp\/v2\/types\/post"}],"author":[{"embeddable":true,"href":"https:\/\/www.terraqui.com\/ca\/wp-json\/wp\/v2\/users\/6"}],"replies":[{"embeddable":true,"href":"https:\/\/www.terraqui.com\/ca\/wp-json\/wp\/v2\/comments?post=1560"}],"version-history":[{"count":1,"href":"https:\/\/www.terraqui.com\/ca\/wp-json\/wp\/v2\/posts\/1560\/revisions"}],"predecessor-version":[{"id":4734,"href":"https:\/\/www.terraqui.com\/ca\/wp-json\/wp\/v2\/posts\/1560\/revisions\/4734"}],"wp:attachment":[{"href":"https:\/\/www.terraqui.com\/ca\/wp-json\/wp\/v2\/media?parent=1560"}],"wp:term":[{"taxonomy":"category","embeddable":true,"href":"https:\/\/www.terraqui.com\/ca\/wp-json\/wp\/v2\/categories?post=1560"},{"taxonomy":"post_tag","embeddable":true,"href":"https:\/\/www.terraqui.com\/ca\/wp-json\/wp\/v2\/tags?post=1560"},{"taxonomy":"categoria_terraqui","embeddable":true,"href":"https:\/\/www.terraqui.com\/ca\/wp-json\/wp\/v2\/categoria_terraqui?post=1560"},{"taxonomy":"tipo_de_entrada","embeddable":true,"href":"https:\/\/www.terraqui.com\/ca\/wp-json\/wp\/v2\/tipo_de_entrada?post=1560"}],"curies":[{"name":"wp","href":"https:\/\/api.w.org\/{rel}","templated":true}]}}